{"vid":"V737","name":"PEI_13","file_id":"F15","var_intrvl":"discrete","var_width":"2","var_rec_seg_no":"1","labl":"Poblaci\u00f3n Econ\u00f3micamente Inactiva (7 o m\u00e1s a\u00f1os de edad) 13\u00b0 CIET (residentes en el pa\u00eds que respondieron las preguntas de condici\u00f3n de actividad)","var_security":"Uso p\u00fablico.","var_universe":"Personas de 7 a\u00f1os o m\u00e1s de edad. \n\nNo incluye a la poblaci\u00f3n que reside habitualmente en el exterior y no declararon en las preguntas de condici\u00f3n de actividad.","universe_clusion":"I","var_txt":"Esta variable derivada se refiere al conjunto de personas de 7 a\u00f1os o m\u00e1s de edad que en la semana de referencia no participaron en el mercado laboral o, en otros t\u00e9rminos, no ten\u00edan ocupaci\u00f3n ni buscaban activamente una ocupaci\u00f3n, por ejemplo: jubilados, estudiantes, amas de casa. La variable est\u00e1 conforme a las definiciones de la d\u00e9cimo tercera Conferencia de Estad\u00edsticos del Trabajo (13\u00b0CIET).","var_codeinstr":"Variable derivada de la pregunta P48 (condici\u00f3n de inactividad), que corresponde al conjunto de personas de 7 a\u00f1os o m\u00e1s de edad que en la semana de referencia no participaron en el mercado laboral o, en otros t\u00e9rminos, no ten\u00edan ocupaci\u00f3n ni buscaban una activamente. La variable est\u00e1 conforme a las definiciones de la d\u00e9cimo tercera Conferencia de Estad\u00edsticos del Trabajo (13\u00b0CIET).","var_format":"numeric","var_format_schema":"other","fid":"F15","sid":"132","survey_idno":"BOL-INE-CPV-2024"}