{"vid":"V735","name":"CONDACT_13","file_id":"F15","var_intrvl":"discrete","var_width":"2","var_rec_seg_no":"1","labl":"Condici\u00f3n de actividad en poblaci\u00f3n de (7 o m\u00e1s a\u00f1os de edad) 13\u00b0 CIET (residentes en el pa\u00eds que respondieron las preguntas de condici\u00f3n de actividad)","var_security":"Uso p\u00fablico.","var_universe":"Personas de 7 a\u00f1os o m\u00e1s de edad. \n\nNo incluye a la poblaci\u00f3n que reside habitualmente en el exterior y no declararon en las preguntas de condici\u00f3n de actividad.","universe_clusion":"I","var_txt":"Esta variable derivada se refiere a la situaci\u00f3n que distingue a la poblaci\u00f3n en edad activa de acuerdo con su participaci\u00f3n en el mercado de trabajo y la clasifica en poblaci\u00f3n econ\u00f3micamente activa (poblaci\u00f3n ocupada y desocupada) y poblaci\u00f3n econ\u00f3micamente inactiva durante un determinado periodo de referencia de acuerdo con las definiciones de la d\u00e9cimo tercera Conferencia Internacional de Estad\u00edsticos del Trabajo (13\u00b0 CIET).","var_codeinstr":"Variable derivada de las preguntas (P43 a P48) para la clasificaci\u00f3n de la condici\u00f3n de actividad en poblaci\u00f3n econ\u00f3micamente activa (poblaci\u00f3n ocupada y desocupada) y poblaci\u00f3n econ\u00f3micamente inactiva durante un determinado periodo de referencia. La poblaci\u00f3n ocupada incluye aquellas personas que respondieron autoconsumo en la pregunta P46 y a pasantes o aprendices sin recibir pago en la pregunta P48. La variable est\u00e1 conforme a las definiciones de la d\u00e9cimo tercera Conferencia de Estad\u00edsticos del Trabajo (13\u00b0CIET).","var_format":"numeric","var_format_schema":"other","var_notes":"El c\u00f3digo 9 \"Sin especificar\"  no especificaron las preguntas de condici\u00f3n de actividad.","fid":"F15","sid":"132","survey_idno":"BOL-INE-CPV-2024"}