{"vid":"V729","name":"FT_19","file_id":"F15","var_intrvl":"discrete","var_width":"2","var_rec_seg_no":"1","labl":"Poblaci\u00f3n dentro de la fuerza de trabajo (7 o m\u00e1s a\u00f1os) 19\u00b0 CIET (residentes en el pa\u00eds que respondieron a las preguntas de condici\u00f3n de actividad)","var_security":"Uso p\u00fablico.","var_universe":"Personas de 7 a\u00f1os o m\u00e1s de edad.\n\nNo incluye a la poblaci\u00f3n que reside habitualmente en el exterior y no declararon en las preguntas de condici\u00f3n de actividad.","universe_clusion":"I","var_txt":"Esta variable derivada clasifica a las personas de 7 a\u00f1os o m\u00e1s de edad que, en la semana de referencia, en ocupadas o desocupadas, es decir, no estaban ocupadas, buscaban trabajo activamente y estaban disponibles para trabajar. Incluye tambi\u00e9n, como ocupados, a quienes durante la semana de referencia estuvieron temporalmente ausentes de su empleo por razones circunstanciales.  La variable est\u00e1 de acuerdo a las definiciones de la d\u00e9cimo novena Conferencia Internacional de Estad\u00edsticos del Trabajo (19\u00b0 CIET).","var_codeinstr":"Variable derivada de las preguntas (P43 a P48) para identificar a la poblaci\u00f3n dentro de la fuerza del trabajo de acuerdo a las definiciones de la 19\u00b0 Conferencia Internacional de Estad\u00edsticos del Trabajo (19\u00b0 CIET). Anteriormente conocida como poblaci\u00f3n econ\u00f3micamente activa.","var_format":"numeric","var_format_schema":"other","fid":"F15","sid":"132","survey_idno":"BOL-INE-CPV-2024"}