{"vid":"V725","name":"PROV_LAB_COD","file_id":"F15","var_intrvl":"discrete","var_width":"2","var_rec_seg_no":"1","labl":"Provincia donde trabaja (7 o m\u00e1s a\u00f1os de edad y que respondieron a la pregunta)","var_security":"Uso p\u00fablico.","var_universe":"Personas de 7 a\u00f1os o m\u00e1s de edad.","universe_clusion":"I","var_txt":"Se refiere a la provincia (entidades subnacionales intermedias del pa\u00eds en las que se subdivide el territorio del Estado Plurinacional de Bolivia) derivada de la declaraci\u00f3n de la persona en la pregunta 52, opci\u00f3n 3 (municipio donde trabaja)","var_codeinstr":"Variable derivada, codificaci\u00f3n de provincia donde trabaja.","var_format":"numeric","var_format_schema":"other","var_notes":"El c\u00f3digo 9997 \"Sin especificar\" corresponde a la no declaraci\u00f3n de provincia en la categor\u00eda 3 de la pregunta P52_MOV.\nC\u00f3digos terminados en 99 de provincia representan descripciones del departamento sin provincia especificada en la pregunta P52_MOV (opci\u00f3n de respuesta 3). Todas las personas ocupadas de acuerdo a las definiciones de la d\u00e9cimo novena Conferencia Internacional de Estad\u00edsticos del Trabajo (19\u00b0 CIET).","fid":"F15","sid":"132","survey_idno":"BOL-INE-CPV-2024"}