{"vid":"V673","name":"P45_AGRO","file_id":"F15","var_intrvl":"contin","var_width":"2","var_rec_seg_no":"1","labl":"45. La semana pasada, atendi\u00f3 cultivos agr\u00edcolas o cr\u00eda de animales","var_security":"Uso p\u00fablico.","var_respunit":"Personas de siete a\u00f1os o m\u00e1s y que no tengan limitaciones para entender o hacerse entender.","var_qstn_preqtxt":"44. La semana pasada, \u00bfayud\u00f3 o trabaj\u00f3 en un negocio propio o familiar?\n\n     1 S\u00ed (PASE A P49)\n     2 No","var_qstn_qstnlit":"45. La semana pasada, \u00bfatendi\u00f3 cultivos agr\u00edcolas o cr\u00eda de animales?\n\n     1 S\u00ed \n     2 No (PASE A P47)","var_qstn_postqtxt":"46. Los cultivos agr\u00edcolas o cr\u00eda de animales son destinados:\n\n     1 \u00bf La mayor parte para la venta?  ( PASE A  P49)\n     2 \u00bf La mayor parte para consumo de su familia?\n    \n47. La semana pasada:\n\n1 \u00bfRealiz\u00f3 alguna otra actividad ocasional por un pago o ingreso?    (PASE A P49)   \n                                 \n 2 \u00bfTen\u00eda alg\u00fan trabajo, pero no trabaj\u00f3 por licencia, vacaci\u00f3n, enfermedad o falta de materiales? (PASE A P49)    \n        \n 3 No trabaj\u00f3.  (PASE A P48)\n\n49. \u00bfCu\u00e1l es (era) su trabajo, ocupaci\u00f3n u oficio principal?","var_qstn_ivulnstr":"Se trata de la persona que realiz\u00f3, en la semana pasada, actividades en cultivos agr\u00edcolas o crianza de animales, incluye actividades de caza, pesca o recolecci\u00f3n. \n\n* Si se rellena la opci\u00f3n \"S\u00ed\", continuar con la siguiente pregunta. \n*  Si se rellena la opci\u00f3n \"No\", pasar a la pregunta 47.","var_universe":"Solo para personas de 7 a\u00f1os o m\u00e1s de edad.","universe_clusion":"I","var_txt":"Esta pregunta se realiza para identificar a los agricultores, criadores de animales, o aquellas personas que realizan caza, pesca o recolecci\u00f3n en la semana de referencia (semana pasada). Pregunta de acuerdo a las definiciones de la d\u00e9cimo novena Conferencia Internacional de Estad\u00edsticos del Trabajo (CIET 19\u00b0).","var_format":"numeric","var_format_schema":"other","var_notes":"El c\u00f3digo 9 \"Sin especificar\" corresponde a la no declaraci\u00f3n en la pregunta.","fid":"F15","sid":"132","survey_idno":"BOL-INE-CPV-2024"}