{"vid":"V606","name":"M214_COV","file_id":"F14","var_intrvl":"discrete","var_width":"1","var_rec_seg_no":"1","labl":"21.4. Muri\u00f3 a causa del COVID-19","var_imputation":"Para la consistencia e Imputaci\u00f3n de datos se realizaron programas a trav\u00e9s del CSPRO en la base de datos.","var_respunit":"Jefa o jefe de hogar o una persona responsable del mismo que conozca la informaci\u00f3n.","var_qstn_qstnlit":"4. \u00bfMuri\u00f3 a causa de COVID-19?\n   \n   1.S\u00ed\n   2. No","var_qstn_postqtxt":"Pasar a la pregunta: P21.5","var_qstn_ivulnstr":"El\/la Censista, debe registrar en el Cuestionario censal cuidadosamente los datos brindados por el informante.","var_universe":"Todas las personas fallecidas entre los a\u00f1os 2019 y 2024 que viv\u00edan en viviendas particulares con personas presentes","universe_clusion":"I","var_txt":"Esta pregunta se refiere si la persona falleci\u00f3 por motivo de COVID-19 , si falleci\u00f3 por tal motivo el a\u00f1o se encuentra entre el 2020 y 2024.","var_format":"numeric","var_format_schema":"other","var_notes":"El c\u00f3digo 9 \"Sin especificar\" corresponde a la no declaraci\u00f3n en la pregunta.","fid":"F14","sid":"132","survey_idno":"BOL-INE-CPV-2024"}